{"id":2045,"date":"2021-10-07T17:07:11","date_gmt":"2021-10-07T15:07:11","guid":{"rendered":"https:\/\/seminariozentrum.com\/padel-derio-club\/"},"modified":"2023-10-02T18:14:57","modified_gmt":"2023-10-02T16:14:57","slug":"padel-derio-club","status":"publish","type":"post","link":"https:\/\/seminariozentrum.com\/en\/padel-derio-club\/","title":{"rendered":"PADEL DERIO CLUB"},"content":{"rendered":"\n<div class=\"wp-block-columns is-layout-flex wp-container-core-columns-is-layout-9d6595d7 wp-block-columns-is-layout-flex\">\n<div class=\"wp-block-column is-layout-flow wp-block-column-is-layout-flow\"><\/div>\n\n\n\n<div class=\"wp-block-column is-layout-flow wp-block-column-is-layout-flow\">\n<h4 class=\"wp-block-heading\"><strong>El P\u00e1del Derio Club, representado en el World Padel Tour por Cristina Gonz\u00e1lez y Patricia Lachiondo<\/strong>.<\/h4>\n<\/div>\n<\/div>\n\n\n\n<p>Las jugadoras del P\u00e1del Derio Club Cristina Gonz\u00e1lez y Patricia Lachiondo participaron en la \u00faltima edici\u00f3n del prestigioso&nbsp;Sardegna Open 2021, celebrado en la ciudad italiana de Cagliari entre el 5 y el 12 de septiembre. La cita forma parte del World Padel Tour (WPT),&nbsp;el circuito profesional de p\u00e1del de referencia a nivel mundial que re\u00fane a los mejores jugadores y jugadoras del ranking.&nbsp;<\/p>\n\n\n\n<p>Cristina Gonz\u00e1lez&nbsp;&nbsp;(n\u00ba 117 del ranking WPT) y Patricia Lachiondo (n\u00ba 237) participaron en la modalidad de parejas. Para Lachiondo, a pesar de ser su cuarta intervenci\u00f3n en el circuito WTP, supon\u00eda su estreno como profesional en una competici\u00f3n celebrada fuera de la Pen\u00ednsula.&nbsp;&nbsp;<\/p>\n\n\n\n<figure class=\"wp-block-image alignfull size-full\"><img decoding=\"async\" width=\"698\" height=\"700\" src=\"https:\/\/seminariozentrum.com\/wp-content\/uploads\/2023\/09\/padel-derio-02.webp\" alt=\"\" class=\"wp-image-483\" srcset=\"https:\/\/seminariozentrum.com\/wp-content\/uploads\/2023\/09\/padel-derio-02.webp 698w, https:\/\/seminariozentrum.com\/wp-content\/uploads\/2023\/09\/padel-derio-02-480x481.webp 480w\" sizes=\"(min-width: 0px) and (max-width: 480px) 480px, (min-width: 481px) 698px, 100vw\" \/><\/figure>\n\n\n\n<p>La pareja cay\u00f3 en 1\/16 de preprevia, por 1\/6-2\/6, frente a Luc\u00eda P\u00e9rez y Claudia Fern\u00e1ndez. A pesar del marcador, el hecho de contar con una pareja del P\u00e1del Derio Club en una prueba World Padel Tour es motivo suficiente de orgullo y evidencia el buen trabajo desarrollado en el centro.<\/p>\n","protected":false},"excerpt":{"rendered":"<p>Padel Derio Club, represented on the World Padel Tour by Cristina Gonz\u00e1lez and Patricia Lachiondo.<\/p>\n","protected":false},"author":1,"featured_media":1801,"comment_status":"open","ping_status":"open","sticky":false,"template":"","format":"standard","meta":{"_et_pb_use_builder":"off","_et_pb_old_content":"","_et_gb_content_width":"","footnotes":""},"categories":[27],"tags":[],"class_list":["post-2045","post","type-post","status-publish","format-standard","has-post-thumbnail","hentry","category-news"],"_links":{"self":[{"href":"https:\/\/seminariozentrum.com\/en\/wp-json\/wp\/v2\/posts\/2045","targetHints":{"allow":["GET"]}}],"collection":[{"href":"https:\/\/seminariozentrum.com\/en\/wp-json\/wp\/v2\/posts"}],"about":[{"href":"https:\/\/seminariozentrum.com\/en\/wp-json\/wp\/v2\/types\/post"}],"author":[{"embeddable":true,"href":"https:\/\/seminariozentrum.com\/en\/wp-json\/wp\/v2\/users\/1"}],"replies":[{"embeddable":true,"href":"https:\/\/seminariozentrum.com\/en\/wp-json\/wp\/v2\/comments?post=2045"}],"version-history":[{"count":0,"href":"https:\/\/seminariozentrum.com\/en\/wp-json\/wp\/v2\/posts\/2045\/revisions"}],"wp:featuredmedia":[{"embeddable":true,"href":"https:\/\/seminariozentrum.com\/en\/wp-json\/wp\/v2\/media\/1801"}],"wp:attachment":[{"href":"https:\/\/seminariozentrum.com\/en\/wp-json\/wp\/v2\/media?parent=2045"}],"wp:term":[{"taxonomy":"category","embeddable":true,"href":"https:\/\/seminariozentrum.com\/en\/wp-json\/wp\/v2\/categories?post=2045"},{"taxonomy":"post_tag","embeddable":true,"href":"https:\/\/seminariozentrum.com\/en\/wp-json\/wp\/v2\/tags?post=2045"}],"curies":[{"name":"wp","href":"https:\/\/api.w.org\/{rel}","templated":true}]}}