{"id":2038,"date":"2022-10-10T18:48:35","date_gmt":"2022-10-10T16:48:35","guid":{"rendered":"https:\/\/seminariozentrum.com\/comunidad-energetica\/"},"modified":"2023-10-02T18:05:37","modified_gmt":"2023-10-02T16:05:37","slug":"komunitate-energetikoa","status":"publish","type":"post","link":"https:\/\/seminariozentrum.com\/eu\/komunitate-energetikoa\/","title":{"rendered":"KOMUNITATE ENERGETIKOA"},"content":{"rendered":"\n<div class=\"wp-block-columns is-layout-flex wp-container-core-columns-is-layout-9d6595d7 wp-block-columns-is-layout-flex\">\n<div class=\"wp-block-column is-layout-flow wp-block-column-is-layout-flow\"><\/div>\n\n\n\n<div class=\"wp-block-column is-layout-flow wp-block-column-is-layout-flow\">\n<h4 class=\"wp-block-heading\">La comunidad energ\u00e9tica de Seminario Zentrum evita la emisi\u00f3n de 14 toneladas de CO\u2082 en menos de un a\u00f1o.<\/h4>\n<\/div>\n<\/div>\n\n\n\n<p>La comunidad energ\u00e9tica constituida por empresas y organizaciones del Seminario Zentrum ha evitado la emisi\u00f3n de hasta 14,25 toneladas de CO2 a la atm\u00f3sfera desde su instalaci\u00f3n en julio de 2021. Una cifra que, en t\u00e9rminos ambientales, equivale a la plantaci\u00f3n de 1975 \u00e1rboles. En total,&nbsp;las placas solares instaladas en la cubierta del edificio han generado 57MWh de energ\u00eda.<\/p>\n\n\n\n<p>Esta es la primera comunidad energ\u00e9tica surgida en Euskadi que permite compartir entre varios usuarios el consumo el\u00e9ctrico generado por una instalaci\u00f3n de energ\u00eda renovable, en este caso fotovoltaica. Desarrollado junto a&nbsp;Edinor, filial del Grupo Petronor, el proyecto facilita a los miembros de la comunidad el acceso al autoconsumo de la energ\u00eda producida en el mismo edificio.&nbsp;<\/p>\n\n\n\n<p>Este proyecto se enmarca en el convenio de colaboraci\u00f3n firmado, en octubre de 2020, por el&nbsp;presidente de Petronor, Emiliano L\u00f3pez Atxurra,y el entonces Obispo de Bilbao,&nbsp;Monse\u00f1or Mario Iceta,con el que se busca enriquecer programas de investigaci\u00f3n e implantaci\u00f3n de energ\u00edas limpias, tanto como generadores y consumidores, e intensificar y expandir sus relaciones.&nbsp;<\/p>\n\n\n\n<p>El&nbsp;convenio tiene una vigencia de tres a\u00f1os&nbsp;para poder actuar conjuntamente y de forma activa en la reducci\u00f3n de emisiones de CO2&nbsp;y en la transici\u00f3n energ\u00e9tica.<\/p>\n","protected":false},"excerpt":{"rendered":"<p>Seminario Zentrum-eko komunitate energetikoak 14 tona CO\u2082 isurtzea saihestu du urtebete baino gutxiagoan.<\/p>\n","protected":false},"author":1,"featured_media":1664,"comment_status":"open","ping_status":"open","sticky":false,"template":"","format":"standard","meta":{"_et_pb_use_builder":"on","_et_pb_old_content":"","_et_gb_content_width":"","footnotes":""},"categories":[25],"tags":[],"class_list":["post-2038","post","type-post","status-publish","format-standard","has-post-thumbnail","hentry","category-berriak"],"_links":{"self":[{"href":"https:\/\/seminariozentrum.com\/eu\/wp-json\/wp\/v2\/posts\/2038","targetHints":{"allow":["GET"]}}],"collection":[{"href":"https:\/\/seminariozentrum.com\/eu\/wp-json\/wp\/v2\/posts"}],"about":[{"href":"https:\/\/seminariozentrum.com\/eu\/wp-json\/wp\/v2\/types\/post"}],"author":[{"embeddable":true,"href":"https:\/\/seminariozentrum.com\/eu\/wp-json\/wp\/v2\/users\/1"}],"replies":[{"embeddable":true,"href":"https:\/\/seminariozentrum.com\/eu\/wp-json\/wp\/v2\/comments?post=2038"}],"version-history":[{"count":0,"href":"https:\/\/seminariozentrum.com\/eu\/wp-json\/wp\/v2\/posts\/2038\/revisions"}],"wp:featuredmedia":[{"embeddable":true,"href":"https:\/\/seminariozentrum.com\/eu\/wp-json\/wp\/v2\/media\/1664"}],"wp:attachment":[{"href":"https:\/\/seminariozentrum.com\/eu\/wp-json\/wp\/v2\/media?parent=2038"}],"wp:term":[{"taxonomy":"category","embeddable":true,"href":"https:\/\/seminariozentrum.com\/eu\/wp-json\/wp\/v2\/categories?post=2038"},{"taxonomy":"post_tag","embeddable":true,"href":"https:\/\/seminariozentrum.com\/eu\/wp-json\/wp\/v2\/tags?post=2038"}],"curies":[{"name":"wp","href":"https:\/\/api.w.org\/{rel}","templated":true}]}}