{"id":2042,"date":"2021-10-10T17:05:50","date_gmt":"2021-10-10T15:05:50","guid":{"rendered":"https:\/\/seminariozentrum.com\/escuela-golf-celles\/"},"modified":"2023-10-02T18:06:55","modified_gmt":"2023-10-02T16:06:55","slug":"celles-golf-eskola","status":"publish","type":"post","link":"https:\/\/seminariozentrum.com\/eu\/celles-golf-eskola\/","title":{"rendered":"CELLES GOLF ESKOLA"},"content":{"rendered":"\n<div class=\"wp-block-columns is-layout-flex wp-container-core-columns-is-layout-9d6595d7 wp-block-columns-is-layout-flex\">\n<div class=\"wp-block-column is-layout-flow wp-block-column-is-layout-flow\"><\/div>\n\n\n\n<div class=\"wp-block-column is-layout-flow wp-block-column-is-layout-flow\">\n<h4 class=\"wp-block-heading\"><strong>25 a\u00f1os formando campeones y fomentando el golf en Bizkaia. La Escuela de Golf Celles y Seminario Zentrum renuevan la concesi\u00f3n de los terrenos<\/strong>.<\/h4>\n<\/div>\n<\/div>\n\n\n\n<p>La Escuela de Golf Celles y Seminario Zentrum firmaron recientemente la renovaci\u00f3n de la concesi\u00f3n de los terrenos en los que desarrolla su actividad el centro de formaci\u00f3n referente del golf en Bizkaia. Tras&nbsp;25 a\u00f1os formando jugadores y promocionando la pr\u00e1ctica del deporte en el territorio, comienza as\u00ed una nueva etapa en la que se aspira a continuar la senda del \u00e9xito establecida en este \u00faltimo cuarto de siglo.&nbsp;No en vano, el actual n\u00famero 1 del ranking mundial, Jon Rahm, fue un alumno destacado de la Escuela de Golf Celles.<\/p>\n\n\n\n<figure class=\"wp-block-image alignfull size-full\"><img decoding=\"async\" width=\"900\" height=\"700\" src=\"https:\/\/seminariozentrum.com\/wp-content\/uploads\/2023\/09\/golf-celles-02.webp\" alt=\"\" class=\"wp-image-478\" srcset=\"https:\/\/seminariozentrum.com\/wp-content\/uploads\/2023\/09\/golf-celles-02.webp 900w, https:\/\/seminariozentrum.com\/wp-content\/uploads\/2023\/09\/golf-celles-02-480x373.webp 480w\" sizes=\"(min-width: 0px) and (max-width: 480px) 480px, (min-width: 481px) 900px, 100vw\" \/><\/figure>\n\n\n\n<p>La renovaci\u00f3n de dicho contrato ha venido acompa\u00f1ada de la vuelta a la actividad habitual de la Escuela&nbsp;tras casi dos meses inmersa en un proyecto de renovaci\u00f3n. Los trabajos dirigidos a actualizar sus instalaciones han incluido cambios de redes y&nbsp;del green de hierba artificial, la&nbsp;renovaci\u00f3n del vestuario&nbsp;y&nbsp;de todo el tirabolas (iluminaci\u00f3n, toldos, separadores, etc.)&nbsp;y la habilitaci\u00f3n de un&nbsp;grader\u00edo contiguo al green. En definitiva, un proyecto ambicioso&nbsp;encarado con el objetivo de seguir siendo todo un referente para el mundo del golf.&nbsp;<\/p>\n\n\n\n<figure class=\"wp-block-image alignfull size-full\"><img decoding=\"async\" width=\"900\" height=\"700\" src=\"https:\/\/seminariozentrum.com\/wp-content\/uploads\/2023\/09\/golf-celles-03.webp\" alt=\"\" class=\"wp-image-479\" srcset=\"https:\/\/seminariozentrum.com\/wp-content\/uploads\/2023\/09\/golf-celles-03.webp 900w, https:\/\/seminariozentrum.com\/wp-content\/uploads\/2023\/09\/golf-celles-03-480x373.webp 480w\" sizes=\"(min-width: 0px) and (max-width: 480px) 480px, (min-width: 481px) 900px, 100vw\" \/><\/figure>\n\n\n\n<p>De esta manera, la escuela ya est\u00e1 abierta en su horario habitual (de lunes a viernes de 10.00 a 20.00 horas; fin de semana y festivos de 9.00 a 14.00 horas).<\/p>\n\n\n\n<p><br>Tambi\u00e9n se han retomado todas las clases y los servicios de tienda.<\/p>\n","protected":false},"excerpt":{"rendered":"<p>25 urte txapeldunak prestatzen eta golfa sustatzen Bizkaian. Celles Golf Eskolak eta Seminario Zentrum-ek lurren emakida berritu dute.<\/p>\n","protected":false},"author":1,"featured_media":1794,"comment_status":"open","ping_status":"open","sticky":false,"template":"","format":"standard","meta":{"_et_pb_use_builder":"off","_et_pb_old_content":"","_et_gb_content_width":"","footnotes":""},"categories":[25],"tags":[],"class_list":["post-2042","post","type-post","status-publish","format-standard","has-post-thumbnail","hentry","category-berriak"],"_links":{"self":[{"href":"https:\/\/seminariozentrum.com\/eu\/wp-json\/wp\/v2\/posts\/2042","targetHints":{"allow":["GET"]}}],"collection":[{"href":"https:\/\/seminariozentrum.com\/eu\/wp-json\/wp\/v2\/posts"}],"about":[{"href":"https:\/\/seminariozentrum.com\/eu\/wp-json\/wp\/v2\/types\/post"}],"author":[{"embeddable":true,"href":"https:\/\/seminariozentrum.com\/eu\/wp-json\/wp\/v2\/users\/1"}],"replies":[{"embeddable":true,"href":"https:\/\/seminariozentrum.com\/eu\/wp-json\/wp\/v2\/comments?post=2042"}],"version-history":[{"count":0,"href":"https:\/\/seminariozentrum.com\/eu\/wp-json\/wp\/v2\/posts\/2042\/revisions"}],"wp:featuredmedia":[{"embeddable":true,"href":"https:\/\/seminariozentrum.com\/eu\/wp-json\/wp\/v2\/media\/1794"}],"wp:attachment":[{"href":"https:\/\/seminariozentrum.com\/eu\/wp-json\/wp\/v2\/media?parent=2042"}],"wp:term":[{"taxonomy":"category","embeddable":true,"href":"https:\/\/seminariozentrum.com\/eu\/wp-json\/wp\/v2\/categories?post=2042"},{"taxonomy":"post_tag","embeddable":true,"href":"https:\/\/seminariozentrum.com\/eu\/wp-json\/wp\/v2\/tags?post=2042"}],"curies":[{"name":"wp","href":"https:\/\/api.w.org\/{rel}","templated":true}]}}